{"id":2235,"date":"2023-12-02T18:08:28","date_gmt":"2023-12-02T18:08:28","guid":{"rendered":"https:\/\/ramosgarcia.com.uy\/web\/mercado-de-granos-revista-verde\/"},"modified":"2026-04-28T14:28:39","modified_gmt":"2026-04-28T14:28:39","slug":"mercado-de-granos-2","status":"publish","type":"post","link":"https:\/\/ramosgarcia.com.uy\/web\/mercado-de-granos-2\/","title":{"rendered":"Mercado de Granos"},"content":{"rendered":"<li>Fecha:<br \/>\n                28 abril 2026                 | Hora:  08:20hs.\n            <\/li>\n<div class=\"d-flex justify-content-center\">\n                                    <img decoding=\"async\" class=\"img-fluid\" width=\"40px\" src=\"https:\/\/revistaverde.com.uy\/wp-content\/themes\/revistaverde2021\/img\/soja.png\" alt=\"Precio Soja Uruguay Revista Verde\"> <\/p>\n<h5 class=\"my-auto ml-4\" style=\"font-weight:700; color:#000;\">Soja<\/h5>\n<\/p><\/div>\n<div class=\"col-12 px-0\">\n<table class=\"table-sm mx-auto\">\n<tbody>\n<tr>\n<td>2024-25<\/td>\n<td>\n                                                0 <i class=\"fas fa-equals text-warning\"><\/i>                                            <\/td>\n<\/tr>\n<tr>\n<td>2025-26<\/td>\n<td>\n                                                399 <i class=\"fas fa-equals text-warning\"><\/i>                                            <\/td>\n<\/tr>\n<\/tbody>\n<\/table><\/div>\n<div class=\"d-flex justify-content-center\">\n                                    <img decoding=\"async\" class=\"img-fluid\" width=\"40px\" src=\"https:\/\/revistaverde.com.uy\/wp-content\/themes\/revistaverde2021\/img\/maiz.png\" alt=\"Precio Ma\u00edz Uruguay Revista Verde\"> <\/p>\n<h5 class=\"my-auto ml-4\" style=\"font-weight:700; color:#000;\">Ma\u00edz<\/h5>\n<\/p><\/div>\n<div class=\"col-12 px-0\">\n<table class=\"table-sm mx-auto\">\n<tbody>\n<tr>\n<td>Seco<\/td>\n<td>\n                                                0 <i class=\"fas fa-equals text-warning\"><\/i>                                            <\/td>\n<\/tr>\n<tr>\n<td>H\u00famedo<\/td>\n<td>\n                                                0 <i class=\"fas fa-equals text-warning\"><\/i>                                            <\/td>\n<\/tr>\n<\/tbody>\n<\/table><\/div>\n<div class=\"d-flex justify-content-center\">\n                                    <img decoding=\"async\" class=\"img-fluid\" width=\"40px\" src=\"https:\/\/revistaverde.com.uy\/wp-content\/themes\/revistaverde2021\/img\/trigo.png\" alt=\"Precio Trigo Uruguay Revista Verde\"> <\/p>\n<h5 class=\"my-auto ml-4\" style=\"font-weight:700; color:#000;\">Trigo<\/h5>\n<\/p><\/div>\n<div class=\"col-12 px-0\">\n<table class=\"table-sm mx-auto\">\n<tbody>\n<tr>\n<td>Disponible<\/td>\n<td>\n                                                200 <i class=\"fas fa-equals text-warning\"><\/i>                                            <\/td>\n<\/tr>\n<tr>\n<td>Futuro<\/td>\n<td>\n                                                &#8212;                                            <\/td>\n<\/tr>\n<\/tbody>\n<\/table><\/div>\n<div class=\"d-flex justify-content-center\">\n                                    <img decoding=\"async\" class=\"img-fluid\" width=\"40px\" src=\"https:\/\/revistaverde.com.uy\/wp-content\/themes\/revistaverde2021\/img\/colza.png\" alt=\"Precio Colza Uruguay Revista Verde\"> <\/p>\n<h5 class=\"my-auto ml-4\" style=\"font-weight:700; color:#000;\">Colza<\/h5>\n<\/p><\/div>\n<div class=\"col-12 px-0\">\n<table class=\"table-sm mx-auto\">\n<tbody>\n<tr>\n<td>M.Interno<\/td>\n<td>\n                                                &#8212;                                            <\/td>\n<\/tr>\n<tr>\n<td>Exportaci\u00f3n<\/td>\n<td>\n                                                527 <i class=\"fas fa-arrow-up text-success\"><\/i>                                            <\/td>\n<\/tr>\n<\/tbody>\n<\/table><\/div>\n<div class=\"d-flex justify-content-center\">\n                                    <img decoding=\"async\" class=\"img-fluid\" width=\"40px\" src=\"https:\/\/revistaverde.com.uy\/wp-content\/themes\/revistaverde2021\/img\/cebada.png\" alt=\"Precio Cebada Uruguay Revista Verde\"> <\/p>\n<h5 class=\"my-auto ml-4\" style=\"font-weight:700; color:#000;\">Cebada<\/h5>\n<\/p><\/div>\n<div class=\"col-12 px-0\">\n<table class=\"table-sm mx-auto\">\n<tbody>\n<tr>\n<td>Ambev<\/td>\n<td>\n                                                248 <i class=\"fas fa-arrow-up text-success\"><\/i>                                            <\/td>\n<\/tr>\n<tr>\n<td>MOSA<\/td>\n<td>\n                                                248 <i class=\"fas fa-arrow-up text-success\"><\/i>                                            <\/td>\n<\/tr>\n<\/tbody>\n<\/table><\/div>\n","protected":false},"excerpt":{"rendered":"<p>Fecha: 28 abril 2026 | Hora: 08:20hs. Soja 2024-25 0 2025-26 399 Ma\u00edz Seco 0 H\u00famedo 0 Trigo Disponible 200 Futuro &#8212; Colza M.Interno &#8212; Exportaci\u00f3n 527 Cebada Ambev 248 MOSA 248<\/p>\n","protected":false},"author":2,"featured_media":3520,"comment_status":"closed","ping_status":"closed","sticky":false,"template":"elementor_header_footer","format":"standard","meta":{"_acf_changed":false,"content-type":"","rs_blank_template":"","rs_page_bg_color":"","slide_template_v7":"","_exactmetrics_skip_tracking":false,"_exactmetrics_sitenote_active":false,"_exactmetrics_sitenote_note":"","_exactmetrics_sitenote_category":0,"footnotes":""},"categories":[15],"tags":[],"class_list":["post-2235","post","type-post","status-publish","format-standard","has-post-thumbnail","hentry","category-granos"],"acf":[],"_links":{"self":[{"href":"https:\/\/ramosgarcia.com.uy\/web\/wp-json\/wp\/v2\/posts\/2235","targetHints":{"allow":["GET"]}}],"collection":[{"href":"https:\/\/ramosgarcia.com.uy\/web\/wp-json\/wp\/v2\/posts"}],"about":[{"href":"https:\/\/ramosgarcia.com.uy\/web\/wp-json\/wp\/v2\/types\/post"}],"author":[{"embeddable":true,"href":"https:\/\/ramosgarcia.com.uy\/web\/wp-json\/wp\/v2\/users\/2"}],"replies":[{"embeddable":true,"href":"https:\/\/ramosgarcia.com.uy\/web\/wp-json\/wp\/v2\/comments?post=2235"}],"version-history":[{"count":739,"href":"https:\/\/ramosgarcia.com.uy\/web\/wp-json\/wp\/v2\/posts\/2235\/revisions"}],"predecessor-version":[{"id":16267,"href":"https:\/\/ramosgarcia.com.uy\/web\/wp-json\/wp\/v2\/posts\/2235\/revisions\/16267"}],"wp:featuredmedia":[{"embeddable":true,"href":"https:\/\/ramosgarcia.com.uy\/web\/wp-json\/wp\/v2\/media\/3520"}],"wp:attachment":[{"href":"https:\/\/ramosgarcia.com.uy\/web\/wp-json\/wp\/v2\/media?parent=2235"}],"wp:term":[{"taxonomy":"category","embeddable":true,"href":"https:\/\/ramosgarcia.com.uy\/web\/wp-json\/wp\/v2\/categories?post=2235"},{"taxonomy":"post_tag","embeddable":true,"href":"https:\/\/ramosgarcia.com.uy\/web\/wp-json\/wp\/v2\/tags?post=2235"}],"curies":[{"name":"wp","href":"https:\/\/api.w.org\/{rel}","templated":true}]}}